{"id":934,"date":"2022-01-24T17:01:10","date_gmt":"2022-01-24T17:01:10","guid":{"rendered":"http:\/\/blog.philip-karger.ch\/?p=934"},"modified":"2022-01-24T17:02:32","modified_gmt":"2022-01-24T17:02:32","slug":"mobilitaetsstrategie-eine-basler-verkehrspolitik-die-nichts-bringt","status":"publish","type":"post","link":"http:\/\/blog.philip-karger.ch\/?p=934","title":{"rendered":"Mobilit\u00e4tsstrategie, eine Basler Verkehrspolitik die nichts bringt"},"content":{"rendered":"<p><em>Mutlos, einfallslos, ohne Fantasie und weder Gr\u00fcn noch Liberal!<\/em><br \/>\n<em>Das ist die Kurzfassung zum Massnahmenmix der Regierung im Zusammenhang mit der neuen Mobilit\u00e4tsstrategie.<\/em><\/p>\n<p>Eine Strategie &#8211; zumal sie bis 2050 greifen soll &#8211; m\u00fcsste mutig sein, sie sollte neue Entwicklungen ber\u00fccksichtigen und sie m\u00fcsste, im Falle einer kantonalen Strategie, die ganze Bev\u00f6lkerung einschliessen! Was Frau Keller und ihr Departement pr\u00e4sentieren hat nichts von alle dem. Kommt dazu, dass nur 53.5% der teilnehmenden Bev\u00f6lkerung in besagter Abstimmung &#8222;Ja&#8220;, gesagt haben, dass sind immerhin 46.5% &#8222;Nein&#8220; stimmende und das bei einer Stimmbeteiligung von nicht einmal 50%.<\/p>\n<p>&nbsp;<\/p>\n<p><a href=\"http:\/\/blog.philip-karger.ch\/wp-content\/uploads\/2022\/01\/Cargobike-Symbol.jp_.jpg\"><img loading=\"lazy\" decoding=\"async\" class=\"alignleft size-medium wp-image-911\" src=\"http:\/\/blog.philip-karger.ch\/wp-content\/uploads\/2022\/01\/Cargobike-Symbol.jp_-300x144.jpg\" alt=\"\" width=\"300\" height=\"144\" srcset=\"http:\/\/blog.philip-karger.ch\/wp-content\/uploads\/2022\/01\/Cargobike-Symbol.jp_-300x144.jpg 300w, http:\/\/blog.philip-karger.ch\/wp-content\/uploads\/2022\/01\/Cargobike-Symbol.jp_-1024x492.jpg 1024w, http:\/\/blog.philip-karger.ch\/wp-content\/uploads\/2022\/01\/Cargobike-Symbol.jp_-768x369.jpg 768w, http:\/\/blog.philip-karger.ch\/wp-content\/uploads\/2022\/01\/Cargobike-Symbol.jp_-1536x738.jpg 1536w, http:\/\/blog.philip-karger.ch\/wp-content\/uploads\/2022\/01\/Cargobike-Symbol.jp_.jpg 1743w\" sizes=\"auto, (max-width: 300px) 100vw, 300px\" \/><\/a>Mutlos:<br \/>\nSchon lange versucht das BVD mit Hilfe von Fahrr\u00e4dern, sehr gerne von grossen Cargo- und Kindertransportbikes, die Autos zu verdr\u00e4ngen. Damit kreiert das Amt vorallem Streitigkeiten und b\u00f6se Szenen im Verkehr. Sch\u00f6n, wenn mehr per Velo transportiert wird, gut wenn Kinder dieses tollen Verkehrsmittel von Klein auf kennen und vielleicht sogar gerne haben. Aber mit der unkritischen Bevorzugung f\u00f6rdern die sogenannten Spezialisten, bei den Velofahrenden, dass sie alle anderen Verkehrsteilnehmenden (von den zu Fussgehenden \u00fcber die \u00d6V, den MIV bis Schwerverkehr) verurteilen und als Gegner ansehen. Wo Velostrassen angeschrieben werden, m\u00fcssen auch Verkehrsachsen die andere Teilnehmer bevorzugen entstehen. Eine Entflechtung hilft die Konflikte zu l\u00f6sen, ausser man will Autos behindern. Es gibt keinen Grund mit dem Velo, zum Beispiel die Achse Bundesplatz, Allschwil auf der Hauptstrasse zu fahren. Wer kommt auf die Idee, Parkpl\u00e4tze wegen der Sicherheit f\u00fcr die Zweir\u00e4der abzuschaffen und sich gleichzeitig gegen Helme einzusetzen? Mutig w\u00e4re es dem Spruch vom &#8222;Stadtgerechten Verkehr&#8220; nachzukommen und das &#8222;Miteinander&#8220; zu f\u00f6rdern!<\/p>\n<p><a href=\"http:\/\/blog.philip-karger.ch\/wp-content\/uploads\/2022\/01\/Metz-Induktionstram.jpg\"><img loading=\"lazy\" decoding=\"async\" class=\"alignright size-full wp-image-913\" src=\"http:\/\/blog.philip-karger.ch\/wp-content\/uploads\/2022\/01\/Metz-Induktionstram.jpg\" alt=\"\" width=\"265\" height=\"190\" \/><\/a>Einfallslos, ohne Fantasie:<br \/>\nMehr \u00f6ffentlicher Verkehr ist doch eine gute Idee. Wo aber bleibt die Innovation. Schienengebundene Fahrzeuge sind nach den Pferdetrams die \u00e4lteste m\u00f6gliche \u00d6V-Infrastruktur. Sie bedingen, sich wiederholende und teure Investitionen. Gerade in Basel, mit seinen engen Gassen und einer Fussg\u00e4ngerzone, die wegen dem \u00d6V keine ist, m\u00fcssten sich die Planer doch auf neue Techniken einlassen. Metz, Hamburg und Yibin in China machen es vor, sie betreiben Schienenlose und teilweise autonom fahrende Strassenbahnen oder Busse. Diese &#8222;Trams auf R\u00e4dern und ohne Oberleitung fahren mit Induktion und brauchen keine Schienen und Weichen die alle 5 Jahre mit grossem Aufwand erneuert werden m\u00fcssen. Warum m\u00fcssen eigentlich 8 Linien durch die Innerstadt fahren, die Hauptachse Aeschenplatz bis Claraplatz verschandeln und den Aufenthalt f\u00fcr alle andern Verkehrsteilnehmenden gef\u00e4hrlich machen.<br \/>\nFantasievoll w\u00e4re ein Umdenken. Was wenn es anstatt der Trams und Busse in der Stadt, gedeckte Fussg\u00e4ngerb\u00e4nder g\u00e4be. Die k\u00f6nnten anstelle der Tramschienen verlaufen, w\u00fcrden also keinen zus\u00e4tzlichen Platz wegnehmen. Sie w\u00e4ren Gratis und w\u00fcrden zu den entsprechenden Umsteigepunkte (Aeschenplatz, Claraplatz, Universit\u00e4t und so weiter) f\u00fchren. Alle reden immer von der Vorreiterrolle Basels, wo ist sie denn im gemeinsamen Verkehr?<br \/>\nIst das mit den Rollb\u00e4ndern zu futuristisch? <a href=\"http:\/\/blog.philip-karger.ch\/wp-content\/uploads\/2022\/01\/Elektrostadtkleinbus.jpeg\"><img loading=\"lazy\" decoding=\"async\" class=\" wp-image-912 alignright\" src=\"http:\/\/blog.philip-karger.ch\/wp-content\/uploads\/2022\/01\/Elektrostadtkleinbus-300x225.jpeg\" alt=\"\" width=\"176\" height=\"132\" srcset=\"http:\/\/blog.philip-karger.ch\/wp-content\/uploads\/2022\/01\/Elektrostadtkleinbus-300x225.jpeg 300w, http:\/\/blog.philip-karger.ch\/wp-content\/uploads\/2022\/01\/Elektrostadtkleinbus-768x577.jpeg 768w, http:\/\/blog.philip-karger.ch\/wp-content\/uploads\/2022\/01\/Elektrostadtkleinbus.jpeg 1022w\" sizes=\"auto, (max-width: 176px) 100vw, 176px\" \/><\/a>Wie w\u00e4re es mit Elektrokleinstbussen, die, bis es anders geht mit Chauffeusen und Chauffeuren, regelm\u00e4ssig durch die Stadt fahren? Ein einfacher Ein- und Ausstieg erm\u00f6glicht es das Fahrzeug \u00fcberall zu benutzen. Das w\u00e4re eine Vorreiterrolle!<br \/>\n\u00dcbrigens, gerade wurde festgestellt, dass die Behindertengerechten Kaphaltestellen keine gute L\u00f6sung sind. Dummerweise (mehr will ich nicht unterstellen) dauert es jetzt eine sehr lange Zeit um die bessere L\u00f6sung, \u00d6V mit Schiebetritten, umzusetzen. Das kennen wir schon von der Abschaffung der Trolleybusslinien. Vielleicht w\u00e4re es einfach gut von der eigenen Ideologie wegzukommen und &#8222;f\u00fcr&#8220; alle zu denken.<\/p>\n<p>Weder Gr\u00fcn noch Liberal:<br \/>\nEinfach Velos bevorzugen und Parkpl\u00e4tze mit Elektrotankstellen, unterirdischen Abfallsammelstellen und was den Verdr\u00e4ngern noch so alles in den Sinn kommt, vollzustellen hat nichts mit Gr\u00fcn zu tun. Wer mit seinem Fahrzeug in die Stadt muss (wer macht das heute noch ohne triftigen Grund) der f\u00e4hrt Kilometerlange Umwege, um ans Ziel zu kommen. Dabei steht er an jeder Ampel und behindert dadurch alle anderen Verkehrsteilnehmer. Wie w\u00e4re es, gr\u00fcne Wellen und gute Parkm\u00f6glichkeiten zu schaffen. Wer schnell von A nach B kommt, spart Energie und die Nerven aller und es wird deswegen nicht mehr Verkehr geben.<br \/>\nGr\u00fcn ist, die beste L\u00f6sung f\u00fcr die Umwelt! Verbote und Behinderungen um &#8222;Gr\u00fcn&#8220;, als Religion durchzusetzen ist aber der falsche Ansatz. Gr\u00fcn sind wir alle gerne, wenn wir d\u00fcrfen, k\u00f6nnen und nicht &#8222;m\u00fcssen&#8220;.<br \/>\nLiberal ist es Kompromisse zu finden. Verbote und Behinderungen eines Teiles der Bev\u00f6lkerung widersprechen dem Liberalismus. L\u00f6sungen mit allen zu suchen und Kompromisse einzugehen, das muss das Zeil der Personen sein, die sich dem Liberalen zuschreiben.<\/p>\n<p>Noch eins:<br \/>\nIm Entwurf &#8222;Vernehmlassung-MobStrat-Entwurf Mobilitaetsstrategie&#8220; f\u00fchr der Regierungsrat folgende Statistik:<br \/>\n<a href=\"\/wp-content\/uploads\/2022\/01\/Mobilitaetsstatistik.jpg\" target=\"_blank\" rel=\"noopener\"><img loading=\"lazy\" decoding=\"async\" class=\" wp-image-917 aligncenter\" src=\"http:\/\/blog.philip-karger.ch\/wp-content\/uploads\/2022\/01\/Mobilitaetsstatistik-293x300.png\" alt=\"\" width=\"296\" height=\"303\" \/><\/a><\/p>\n<p>Es ist ganz deutlich zu sehen, wie der Motorisierte Verkehr abnimmt. Die Menschen brauchen Ihr Auto also immer weniger und der Anteil von E-Autos steigt steil an. Es m\u00fcsste allen klar sein, dass diese abnehmende Kurve sich mit der Zeit abflacht und nie ganz auf null kommen wird. Lohnt es sich also wirklich mit Verboten, Behinderungen und teuren, unn\u00f6tigen Massnahmen, also mit aller (Staats)Gewalt diese Null anzustreben? W\u00e4re es nicht viel besser eine positive Stimmung zu schaffen. Ein Miteinander der ganzen Bev\u00f6lkerung, der Wirtschaft und nicht zuletzt der Politik. Das w\u00fcrde Basel voranbringen<\/p>\n","protected":false},"excerpt":{"rendered":"<p>Mutlos, einfallslos, ohne Fantasie und weder Gr\u00fcn noch Liberal! Das ist die Kurzfassung zum Massnahmenmix der Regierung im Zusammenhang mit der neuen Mobilit\u00e4tsstrategie. Eine Strategie &#8211; zumal sie bis 2050 greifen soll &#8211; m\u00fcsste mutig sein, sie sollte neue Entwicklungen ber\u00fccksichtigen und sie m\u00fcsste, im Falle einer kantonalen Strategie, die ganze Bev\u00f6lkerung einschliessen! Was Frau [&hellip;]<\/p>\n","protected":false},"author":2,"featured_media":914,"comment_status":"open","ping_status":"open","sticky":false,"template":"","format":"standard","meta":{"ocean_post_layout":"","ocean_both_sidebars_style":"","ocean_both_sidebars_content_width":0,"ocean_both_sidebars_sidebars_width":0,"ocean_sidebar":"0","ocean_second_sidebar":"0","ocean_disable_margins":"enable","ocean_add_body_class":"","ocean_shortcode_before_top_bar":"","ocean_shortcode_after_top_bar":"","ocean_shortcode_before_header":"","ocean_shortcode_after_header":"","ocean_has_shortcode":"","ocean_shortcode_after_title":"","ocean_shortcode_before_footer_widgets":"","ocean_shortcode_after_footer_widgets":"","ocean_shortcode_before_footer_bottom":"","ocean_shortcode_after_footer_bottom":"","ocean_display_top_bar":"default","ocean_display_header":"default","ocean_header_style":"","ocean_center_header_left_menu":"0","ocean_custom_header_template":"0","ocean_custom_logo":0,"ocean_custom_retina_logo":0,"ocean_custom_logo_max_width":0,"ocean_custom_logo_tablet_max_width":0,"ocean_custom_logo_mobile_max_width":0,"ocean_custom_logo_max_height":0,"ocean_custom_logo_tablet_max_height":0,"ocean_custom_logo_mobile_max_height":0,"ocean_header_custom_menu":"0","ocean_menu_typo_font_family":"0","ocean_menu_typo_font_subset":"","ocean_menu_typo_font_size":0,"ocean_menu_typo_font_size_tablet":0,"ocean_menu_typo_font_size_mobile":0,"ocean_menu_typo_font_size_unit":"px","ocean_menu_typo_font_weight":"","ocean_menu_typo_font_weight_tablet":"","ocean_menu_typo_font_weight_mobile":"","ocean_menu_typo_transform":"","ocean_menu_typo_transform_tablet":"","ocean_menu_typo_transform_mobile":"","ocean_menu_typo_line_height":0,"ocean_menu_typo_line_height_tablet":0,"ocean_menu_typo_line_height_mobile":0,"ocean_menu_typo_line_height_unit":"","ocean_menu_typo_spacing":0,"ocean_menu_typo_spacing_tablet":0,"ocean_menu_typo_spacing_mobile":0,"ocean_menu_typo_spacing_unit":"","ocean_menu_link_color":"","ocean_menu_link_color_hover":"","ocean_menu_link_color_active":"","ocean_menu_link_background":"","ocean_menu_link_hover_background":"","ocean_menu_link_active_background":"","ocean_menu_social_links_bg":"","ocean_menu_social_hover_links_bg":"","ocean_menu_social_links_color":"","ocean_menu_social_hover_links_color":"","ocean_disable_title":"default","ocean_disable_heading":"default","ocean_post_title":"","ocean_post_subheading":"","ocean_post_title_style":"","ocean_post_title_background_color":"","ocean_post_title_background":0,"ocean_post_title_bg_image_position":"","ocean_post_title_bg_image_attachment":"","ocean_post_title_bg_image_repeat":"","ocean_post_title_bg_image_size":"","ocean_post_title_height":0,"ocean_post_title_bg_overlay":0.5,"ocean_post_title_bg_overlay_color":"","ocean_disable_breadcrumbs":"default","ocean_breadcrumbs_color":"","ocean_breadcrumbs_separator_color":"","ocean_breadcrumbs_links_color":"","ocean_breadcrumbs_links_hover_color":"","ocean_display_footer_widgets":"default","ocean_display_footer_bottom":"default","ocean_custom_footer_template":"0","ocean_post_oembed":"","ocean_post_self_hosted_media":"","ocean_post_video_embed":"","ocean_link_format":"","ocean_link_format_target":"self","ocean_quote_format":"","ocean_quote_format_link":"post","ocean_gallery_link_images":"off","ocean_gallery_id":[],"footnotes":""},"categories":[1],"tags":[],"class_list":["post-934","post","type-post","status-publish","format-standard","has-post-thumbnail","hentry","category-uncategorized","entry","has-media"],"_links":{"self":[{"href":"http:\/\/blog.philip-karger.ch\/index.php?rest_route=\/wp\/v2\/posts\/934","targetHints":{"allow":["GET"]}}],"collection":[{"href":"http:\/\/blog.philip-karger.ch\/index.php?rest_route=\/wp\/v2\/posts"}],"about":[{"href":"http:\/\/blog.philip-karger.ch\/index.php?rest_route=\/wp\/v2\/types\/post"}],"author":[{"embeddable":true,"href":"http:\/\/blog.philip-karger.ch\/index.php?rest_route=\/wp\/v2\/users\/2"}],"replies":[{"embeddable":true,"href":"http:\/\/blog.philip-karger.ch\/index.php?rest_route=%2Fwp%2Fv2%2Fcomments&post=934"}],"version-history":[{"count":1,"href":"http:\/\/blog.philip-karger.ch\/index.php?rest_route=\/wp\/v2\/posts\/934\/revisions"}],"predecessor-version":[{"id":935,"href":"http:\/\/blog.philip-karger.ch\/index.php?rest_route=\/wp\/v2\/posts\/934\/revisions\/935"}],"wp:featuredmedia":[{"embeddable":true,"href":"http:\/\/blog.philip-karger.ch\/index.php?rest_route=\/wp\/v2\/media\/914"}],"wp:attachment":[{"href":"http:\/\/blog.philip-karger.ch\/index.php?rest_route=%2Fwp%2Fv2%2Fmedia&parent=934"}],"wp:term":[{"taxonomy":"category","embeddable":true,"href":"http:\/\/blog.philip-karger.ch\/index.php?rest_route=%2Fwp%2Fv2%2Fcategories&post=934"},{"taxonomy":"post_tag","embeddable":true,"href":"http:\/\/blog.philip-karger.ch\/index.php?rest_route=%2Fwp%2Fv2%2Ftags&post=934"}],"curies":[{"name":"wp","href":"https:\/\/api.w.org\/{rel}","templated":true}]}}