{"id":896,"date":"2021-07-01T15:38:15","date_gmt":"2021-07-01T15:38:15","guid":{"rendered":"http:\/\/blog.philip-karger.ch\/?p=896"},"modified":"2021-07-01T15:40:47","modified_gmt":"2021-07-01T15:40:47","slug":"mehr-ki-statt-diffuser-digitalisierung","status":"publish","type":"post","link":"http:\/\/blog.philip-karger.ch\/?p=896","title":{"rendered":"Mehr-KI statt diffuser Digitalisierung"},"content":{"rendered":"<p>Mehr-KI statt diffuser Digitalisierung<\/p>\n<p>Um \u00abup to date\u00bb zu sein, soll alles \u00abdigitalisiert\u00bb werden. Auf der Strecke bleiben dabei oft wichtige grunds\u00e4tzliche Fragen. Philip Karger pl\u00e4diert daf\u00fcr, wachsam zu sein. Nicht die Digitalisierung, sondern der vermehrte Einsatz von k\u00fcnstlicher Intelligenz bringt substanzielle Fortschritte und muss gef\u00f6rdert werden, sofern ein wirkungsvoller Datenschutz gew\u00e4hrleistet ist.<\/p>\n<p>Weiterlesen: <a href=\"http:\/\/blog.philip-karger.ch\/wp-content\/uploads\/2021\/07\/Mehr-KI-statt-diffuser-Digitalisierung.pdf\" target=\"_blank\" rel=\"noopener\">Mehr KI statt diffuser Digitalisierung<\/a><\/p>\n<p><span style=\"font-size: 10pt;\"><a href=\"https:\/\/gruppe23.ch\/zeitschrift.html\" target=\"_blank\" rel=\"noopener\"><img loading=\"lazy\" decoding=\"async\" class=\"alignleft size-full wp-image-890\" src=\"http:\/\/blog.philip-karger.ch\/wp-content\/uploads\/2021\/02\/unternehmen.jpg\" alt=\"\" width=\"317\" height=\"47\" srcset=\"http:\/\/blog.philip-karger.ch\/wp-content\/uploads\/2021\/02\/unternehmen.jpg 317w, http:\/\/blog.philip-karger.ch\/wp-content\/uploads\/2021\/02\/unternehmen-300x44.jpg 300w\" sizes=\"auto, (max-width: 317px) 100vw, 317px\" \/><\/a><br \/>\n<a href=\"https:\/\/gruppe23.ch\/zeitschrift.html\" target=\"_blank\" rel=\"noopener\">Titelbild:<\/a> Link zur Zeitschrift &#8218;unternehmen&#8216; der Gruppe 23<\/span><\/p>\n","protected":false},"excerpt":{"rendered":"<p>Mehr-KI statt diffuser Digitalisierung Um \u00abup to date\u00bb zu sein, soll alles \u00abdigitalisiert\u00bb werden. Auf der Strecke bleiben dabei oft wichtige grunds\u00e4tzliche Fragen. Philip Karger pl\u00e4diert daf\u00fcr, wachsam zu sein. Nicht die Digitalisierung, sondern der vermehrte Einsatz von k\u00fcnstlicher Intelligenz bringt substanzielle Fortschritte und muss gef\u00f6rdert werden, sofern ein wirkungsvoller Datenschutz gew\u00e4hrleistet ist. Weiterlesen: Mehr [&hellip;]<\/p>\n","protected":false},"author":2,"featured_media":899,"comment_status":"open","ping_status":"open","sticky":false,"template":"","format":"standard","meta":{"ocean_post_layout":"","ocean_both_sidebars_style":"","ocean_both_sidebars_content_width":0,"ocean_both_sidebars_sidebars_width":0,"ocean_sidebar":"0","ocean_second_sidebar":"0","ocean_disable_margins":"enable","ocean_add_body_class":"","ocean_shortcode_before_top_bar":"","ocean_shortcode_after_top_bar":"","ocean_shortcode_before_header":"","ocean_shortcode_after_header":"","ocean_has_shortcode":"","ocean_shortcode_after_title":"","ocean_shortcode_before_footer_widgets":"","ocean_shortcode_after_footer_widgets":"","ocean_shortcode_before_footer_bottom":"","ocean_shortcode_after_footer_bottom":"","ocean_display_top_bar":"default","ocean_display_header":"default","ocean_header_style":"","ocean_center_header_left_menu":"0","ocean_custom_header_template":"0","ocean_custom_logo":0,"ocean_custom_retina_logo":0,"ocean_custom_logo_max_width":0,"ocean_custom_logo_tablet_max_width":0,"ocean_custom_logo_mobile_max_width":0,"ocean_custom_logo_max_height":0,"ocean_custom_logo_tablet_max_height":0,"ocean_custom_logo_mobile_max_height":0,"ocean_header_custom_menu":"0","ocean_menu_typo_font_family":"0","ocean_menu_typo_font_subset":"","ocean_menu_typo_font_size":0,"ocean_menu_typo_font_size_tablet":0,"ocean_menu_typo_font_size_mobile":0,"ocean_menu_typo_font_size_unit":"px","ocean_menu_typo_font_weight":"","ocean_menu_typo_font_weight_tablet":"","ocean_menu_typo_font_weight_mobile":"","ocean_menu_typo_transform":"","ocean_menu_typo_transform_tablet":"","ocean_menu_typo_transform_mobile":"","ocean_menu_typo_line_height":0,"ocean_menu_typo_line_height_tablet":0,"ocean_menu_typo_line_height_mobile":0,"ocean_menu_typo_line_height_unit":"","ocean_menu_typo_spacing":0,"ocean_menu_typo_spacing_tablet":0,"ocean_menu_typo_spacing_mobile":0,"ocean_menu_typo_spacing_unit":"","ocean_menu_link_color":"","ocean_menu_link_color_hover":"","ocean_menu_link_color_active":"","ocean_menu_link_background":"","ocean_menu_link_hover_background":"","ocean_menu_link_active_background":"","ocean_menu_social_links_bg":"","ocean_menu_social_hover_links_bg":"","ocean_menu_social_links_color":"","ocean_menu_social_hover_links_color":"","ocean_disable_title":"default","ocean_disable_heading":"default","ocean_post_title":"","ocean_post_subheading":"","ocean_post_title_style":"","ocean_post_title_background_color":"","ocean_post_title_background":0,"ocean_post_title_bg_image_position":"","ocean_post_title_bg_image_attachment":"","ocean_post_title_bg_image_repeat":"","ocean_post_title_bg_image_size":"","ocean_post_title_height":0,"ocean_post_title_bg_overlay":0.5,"ocean_post_title_bg_overlay_color":"","ocean_disable_breadcrumbs":"default","ocean_breadcrumbs_color":"","ocean_breadcrumbs_separator_color":"","ocean_breadcrumbs_links_color":"","ocean_breadcrumbs_links_hover_color":"","ocean_display_footer_widgets":"default","ocean_display_footer_bottom":"default","ocean_custom_footer_template":"0","ocean_post_oembed":"","ocean_post_self_hosted_media":"","ocean_post_video_embed":"","ocean_link_format":"","ocean_link_format_target":"self","ocean_quote_format":"","ocean_quote_format_link":"post","ocean_gallery_link_images":"off","ocean_gallery_id":[],"footnotes":""},"categories":[4],"tags":[11,183,175,184,182,181,185],"class_list":["post-896","post","type-post","status-publish","format-standard","has-post-thumbnail","hentry","category-basel","tag-basel","tag-maetteli","tag-mobilitaet","tag-stadtgaernerei","tag-steibi","tag-steinbuehlmaetteli","tag-umbau-gruenflaechen","entry","has-media"],"_links":{"self":[{"href":"http:\/\/blog.philip-karger.ch\/index.php?rest_route=\/wp\/v2\/posts\/896","targetHints":{"allow":["GET"]}}],"collection":[{"href":"http:\/\/blog.philip-karger.ch\/index.php?rest_route=\/wp\/v2\/posts"}],"about":[{"href":"http:\/\/blog.philip-karger.ch\/index.php?rest_route=\/wp\/v2\/types\/post"}],"author":[{"embeddable":true,"href":"http:\/\/blog.philip-karger.ch\/index.php?rest_route=\/wp\/v2\/users\/2"}],"replies":[{"embeddable":true,"href":"http:\/\/blog.philip-karger.ch\/index.php?rest_route=%2Fwp%2Fv2%2Fcomments&post=896"}],"version-history":[{"count":1,"href":"http:\/\/blog.philip-karger.ch\/index.php?rest_route=\/wp\/v2\/posts\/896\/revisions"}],"predecessor-version":[{"id":898,"href":"http:\/\/blog.philip-karger.ch\/index.php?rest_route=\/wp\/v2\/posts\/896\/revisions\/898"}],"wp:featuredmedia":[{"embeddable":true,"href":"http:\/\/blog.philip-karger.ch\/index.php?rest_route=\/wp\/v2\/media\/899"}],"wp:attachment":[{"href":"http:\/\/blog.philip-karger.ch\/index.php?rest_route=%2Fwp%2Fv2%2Fmedia&parent=896"}],"wp:term":[{"taxonomy":"category","embeddable":true,"href":"http:\/\/blog.philip-karger.ch\/index.php?rest_route=%2Fwp%2Fv2%2Fcategories&post=896"},{"taxonomy":"post_tag","embeddable":true,"href":"http:\/\/blog.philip-karger.ch\/index.php?rest_route=%2Fwp%2Fv2%2Ftags&post=896"}],"curies":[{"name":"wp","href":"https:\/\/api.w.org\/{rel}","templated":true}]}}