{"id":863,"date":"2019-12-03T12:22:22","date_gmt":"2019-12-03T12:22:22","guid":{"rendered":"http:\/\/blog.philip-karger.ch\/?p=863"},"modified":"2019-12-03T16:49:44","modified_gmt":"2019-12-03T16:49:44","slug":"das-erste-brustkrebs-draemmli-der-schweiz-ist-in-den-beiden-basel-unterwegs","status":"publish","type":"post","link":"http:\/\/blog.philip-karger.ch\/?p=863","title":{"rendered":"Das erste Brustkrebs-Dr\u00e4mmli der Schweiz ist in den beiden Basel unterwegs"},"content":{"rendered":"<p><a href=\"http:\/\/blog.philip-karger.ch\/wp-content\/uploads\/2019\/12\/DearMammaApp.jpg\" target=\"_blank\" rel=\"noopener noreferrer\"><img loading=\"lazy\" decoding=\"async\" class=\"alignleft wp-image-859 \" src=\"http:\/\/blog.philip-karger.ch\/wp-content\/uploads\/2019\/12\/DearMammaApp-300x181.jpg\" alt=\"\" width=\"215\" height=\"130\" srcset=\"http:\/\/blog.philip-karger.ch\/wp-content\/uploads\/2019\/12\/DearMammaApp-300x181.jpg 300w, http:\/\/blog.philip-karger.ch\/wp-content\/uploads\/2019\/12\/DearMammaApp.jpg 409w\" sizes=\"auto, (max-width: 215px) 100vw, 215px\" \/><\/a><span style=\"font-size: 10pt;\"><br \/>\n<a href=\"\/wp-content\/uploads\/2019\/05\/logofb.jpg\" target=\"_blank\" rel=\"noopener noreferrer\">Titelbild:\u00a0<\/a>Die DearMammaApp<\/span><\/p>\n<p>&nbsp;<\/p>\n<p>&nbsp;<\/p>\n<p>Seit heute 3. Dezember 2019 f\u00e4hrt das, mit der Unterst\u00fctzung der BLT auff\u00e4llig gestaltete, schweizweit erste Brustkrebs Dr\u00e4mmli auf der Linie 17 der BLT. F\u00fcr die n\u00e4chsten 3 Jahre k\u00f6nnen sich Frauen und M\u00e4nner \u00fcber diese heimt\u00fcckische, leider Weltweit immer noch viel zu oft t\u00f6dlich verlaufende, Krebsart informieren. Hauptanliegen von \u00abDear Mamma\u00bb ist die Pr\u00e4vention, \u00abweil Fr\u00fcherkennung von Brustkrebs die einzige Art ist den Krebs aufzuhalten\u00bb, wie Sonja Dinner von der \u00abThe Dear Foundation\u00bb, die hinter Dear Mamma steht, betont. Weiterhin erkl\u00e4rt Frau Dinner, dass man eigentlich immer noch sehr wenig \u00fcber den Brustkrebs weiss, sie betont, dass wir uns in falscher Sicherheit wiegen und das einzige Mittel, dass hilft die Fr\u00fchrekennung ist, \u00abes gibt keine Impfung\u00bb, erkl\u00e4rt sie immer wieder.<\/p>\n<figure id=\"attachment_860\" aria-describedby=\"caption-attachment-860\" style=\"width: 300px\" class=\"wp-caption aligncenter\"><a href=\"http:\/\/blog.philip-karger.ch\/wp-content\/uploads\/2019\/12\/Band-durchschneiden-scaled.jpg\"><img loading=\"lazy\" decoding=\"async\" class=\"wp-image-860 size-medium\" src=\"http:\/\/blog.philip-karger.ch\/wp-content\/uploads\/2019\/12\/Band-durchschneiden-300x225.jpg\" alt=\"\" width=\"300\" height=\"225\" srcset=\"http:\/\/blog.philip-karger.ch\/wp-content\/uploads\/2019\/12\/Band-durchschneiden-300x225.jpg 300w, http:\/\/blog.philip-karger.ch\/wp-content\/uploads\/2019\/12\/Band-durchschneiden-1024x768.jpg 1024w, http:\/\/blog.philip-karger.ch\/wp-content\/uploads\/2019\/12\/Band-durchschneiden-768x576.jpg 768w, http:\/\/blog.philip-karger.ch\/wp-content\/uploads\/2019\/12\/Band-durchschneiden-1536x1152.jpg 1536w, http:\/\/blog.philip-karger.ch\/wp-content\/uploads\/2019\/12\/Band-durchschneiden-2048x1536.jpg 2048w\" sizes=\"auto, (max-width: 300px) 100vw, 300px\" \/><\/a><figcaption id=\"caption-attachment-860\" class=\"wp-caption-text\">von Links: Sonja Dinner, Edith Hunkeler und Eric Sarasin zerschneiden das Band und nehmen so das &#8222;DearMamma Dr\u00e4mmli&#8220; in Betrieb. Foto (c) P. Karger<\/figcaption><\/figure>\n<p>Eine App f\u00fcr alle, auch diejenigen, die m\u00fche haben mit Lesen.<\/p>\n<p>Weitgereist weiss Frau Dinner \u00fcber den Analphabetismus weltweit und auch in der Schweiz gibt es viele Menschen, die nicht oder kaum lesen k\u00f6nnen, wie sie betont. Darum hat sie die Dear Mamma App entwickeln lassen. Die App, das ist das einzigartige, kann alles per Sprache erledigen. Die ganze Bedienung geht \u00fcber Sprachbefehle aber auch die Memo- und Erinnerungsfunktionen gehen \u00fcber das gesprochene. Die App gibt es sowohl f\u00fcr Android als auch f\u00fcr IOS und sie ist momentan in sechs Sprachen (Englisch, Deutsch, Franz\u00f6sisch, Spanisch, Arabisch und Hebr\u00e4isch) vorhanden. Der Erfolg gibt DearMamma recht, Weltweit wird die App immer \u00f6fter, bis jetzt schon viele tausend mal genutzt.<\/p>\n<p>Eric Sarasin, Pr\u00e4sident der Krebsliga beider Basel betont, wie wichtig dieses Dr\u00e4mmli auch f\u00fcr die Region Basel ist. Er hebt hervor, dass die App nur aus Eigenmitteln der \u00abThe Dear Foundation\u00bb finanziert ist. Herr Sarasin erkl\u00e4rt, dass bereits 40% der Frauen am Brustscreening der Krebsliga beider Basel mitmachen und meint dann, das die Idee mit einem Dr\u00e4mmli, auch ihm h\u00e4tte einfallen sollen.<\/p>\n<figure id=\"attachment_861\" aria-describedby=\"caption-attachment-861\" style=\"width: 465px\" class=\"wp-caption aligncenter\"><a href=\"http:\/\/blog.philip-karger.ch\/wp-content\/uploads\/2019\/12\/DearMammaDr\u00e4mmli--scaled.jpg\"><img loading=\"lazy\" decoding=\"async\" class=\"wp-image-861\" src=\"http:\/\/blog.philip-karger.ch\/wp-content\/uploads\/2019\/12\/DearMammaDr\u00e4mmli--300x109.jpg\" alt=\"\" width=\"465\" height=\"169\" srcset=\"http:\/\/blog.philip-karger.ch\/wp-content\/uploads\/2019\/12\/DearMammaDr\u00e4mmli--300x109.jpg 300w, http:\/\/blog.philip-karger.ch\/wp-content\/uploads\/2019\/12\/DearMammaDr\u00e4mmli--1024x372.jpg 1024w, http:\/\/blog.philip-karger.ch\/wp-content\/uploads\/2019\/12\/DearMammaDr\u00e4mmli--768x279.jpg 768w, http:\/\/blog.philip-karger.ch\/wp-content\/uploads\/2019\/12\/DearMammaDr\u00e4mmli--1536x559.jpg 1536w, http:\/\/blog.philip-karger.ch\/wp-content\/uploads\/2019\/12\/DearMammaDr\u00e4mmli--2048x745.jpg 2048w\" sizes=\"auto, (max-width: 465px) 100vw, 465px\" \/><\/a><figcaption id=\"caption-attachment-861\" class=\"wp-caption-text\">Das &#8222;DearMamma Dr\u00e4mmli&#8220; als Panorama Bild. Foto (c) P. Karger<\/figcaption><\/figure>\n<p>Falsch verstandene Aus\u00fcbung der Religion und Scham (und falsch verstandene Erotik der weiblichen Brust) f\u00fchren dazu, dass sehr oft nicht \u00fcber Brustkrebs geredet wird und viele Frauen UND M\u00e4nner das Thema nicht genug kennen. Das ist die Aussage der erfolgreichen Behindertensportlerin Edith Hunkeler. Sie selber habe zum Gl\u00fcck keine Erfahrung mit Brustkrebs aber sie kenne den heimt\u00fcckischen Krebs aus der nahen Umgebung. Als Rollstuhlfahrerin und Sportlerin wisse sie, wie wichtig es ist auf den eigenen K\u00f6rper zu achten. Sie benutze die DearMamma-App regelm\u00e4ssig. &#8222;Eigenkontrolle ist Selbstverantwortung&#8220;, sagt Hunkeler, gerade Frauen schauen sich ihr Gesicht t\u00e4glich oft im Spiegel an und kontrollieren es auf Ver\u00e4nderungen, \u00abwarum machen die Frauen das nicht auch mit ihrer Brust\u00bb fragt sie.<\/p>\n<div style=\"width: 848px;\" class=\"wp-video\"><!--[if lt IE 9]><script>document.createElement('video');<\/script><![endif]-->\n<video class=\"wp-video-shortcode\" id=\"video-863-1\" width=\"848\" height=\"480\" preload=\"metadata\" controls=\"controls\"><source type=\"video\/mp4\" src=\"http:\/\/blog.philip-karger.ch\/wp-content\/uploads\/2019\/12\/VID-20191203-WA0005.mp4?_=1\" \/><a href=\"http:\/\/blog.philip-karger.ch\/wp-content\/uploads\/2019\/12\/VID-20191203-WA0005.mp4\">http:\/\/blog.philip-karger.ch\/wp-content\/uploads\/2019\/12\/VID-20191203-WA0005.mp4<\/a><\/video><\/div>\n<p>Das &#8222;DearMamma Dr\u00e4mmli&#8220; bei der ersten Abfahrt ab \u00c4schenplatz. Film (c) Gabriella. Karger<\/p>\n<p>In der Schweiz erhalten j\u00e4hrlich 6000 Frauen und 60 M\u00e4nner (ja es gibt den Brustkrebs auch bei M\u00e4nnern) die Diagnose Brustkrebs. \u00abJe fr\u00fcher dieser Krebs erkannt und behandelt wird, desto besser sind die Heilungschancen\u00bb wird Sonja Dinner nicht m\u00fcde zu sagen. Mit dem Dr\u00e4mmli soll die Aufmerksamkeit auf diesen Heimt\u00fcckischen Krebs erh\u00f6ht werden, dass ist das Ziel. Wer nicht mit dem 17er verkehrt kann die App auch jetzt gleich herunterladen: <a href=\"https:\/\/play.google.com\/store\/apps\/details?id=de.seracom.dearmamma\">https:\/\/play.google.com\/store\/apps\/details?id=de.seracom.dearmamma<\/a> oder <a href=\"https:\/\/apps.apple.com\/de\/app\/dearmamma\/id1453393273\">https:\/\/apps.apple.com\/de\/app\/dearmamma\/id1453393273<\/a><\/p>\n","protected":false},"excerpt":{"rendered":"<p>Titelbild:\u00a0Die DearMammaApp &nbsp; &nbsp; Seit heute 3. Dezember 2019 f\u00e4hrt das, mit der Unterst\u00fctzung der BLT auff\u00e4llig gestaltete, schweizweit erste Brustkrebs Dr\u00e4mmli auf der Linie 17 der BLT. F\u00fcr die n\u00e4chsten 3 Jahre k\u00f6nnen sich Frauen und M\u00e4nner \u00fcber diese heimt\u00fcckische, leider Weltweit immer noch viel zu oft t\u00f6dlich verlaufende, Krebsart informieren. Hauptanliegen von \u00abDear [&hellip;]<\/p>\n","protected":false},"author":2,"featured_media":859,"comment_status":"open","ping_status":"open","sticky":false,"template":"","format":"standard","meta":{"ocean_post_layout":"","ocean_both_sidebars_style":"","ocean_both_sidebars_content_width":0,"ocean_both_sidebars_sidebars_width":0,"ocean_sidebar":"0","ocean_second_sidebar":"0","ocean_disable_margins":"enable","ocean_add_body_class":"","ocean_shortcode_before_top_bar":"","ocean_shortcode_after_top_bar":"","ocean_shortcode_before_header":"","ocean_shortcode_after_header":"","ocean_has_shortcode":"","ocean_shortcode_after_title":"","ocean_shortcode_before_footer_widgets":"","ocean_shortcode_after_footer_widgets":"","ocean_shortcode_before_footer_bottom":"","ocean_shortcode_after_footer_bottom":"","ocean_display_top_bar":"default","ocean_display_header":"default","ocean_header_style":"","ocean_center_header_left_menu":"0","ocean_custom_header_template":"0","ocean_custom_logo":0,"ocean_custom_retina_logo":0,"ocean_custom_logo_max_width":0,"ocean_custom_logo_tablet_max_width":0,"ocean_custom_logo_mobile_max_width":0,"ocean_custom_logo_max_height":0,"ocean_custom_logo_tablet_max_height":0,"ocean_custom_logo_mobile_max_height":0,"ocean_header_custom_menu":"0","ocean_menu_typo_font_family":"0","ocean_menu_typo_font_subset":"","ocean_menu_typo_font_size":0,"ocean_menu_typo_font_size_tablet":0,"ocean_menu_typo_font_size_mobile":0,"ocean_menu_typo_font_size_unit":"px","ocean_menu_typo_font_weight":"","ocean_menu_typo_font_weight_tablet":"","ocean_menu_typo_font_weight_mobile":"","ocean_menu_typo_transform":"","ocean_menu_typo_transform_tablet":"","ocean_menu_typo_transform_mobile":"","ocean_menu_typo_line_height":0,"ocean_menu_typo_line_height_tablet":0,"ocean_menu_typo_line_height_mobile":0,"ocean_menu_typo_line_height_unit":"","ocean_menu_typo_spacing":0,"ocean_menu_typo_spacing_tablet":0,"ocean_menu_typo_spacing_mobile":0,"ocean_menu_typo_spacing_unit":"","ocean_menu_link_color":"","ocean_menu_link_color_hover":"","ocean_menu_link_color_active":"","ocean_menu_link_background":"","ocean_menu_link_hover_background":"","ocean_menu_link_active_background":"","ocean_menu_social_links_bg":"","ocean_menu_social_hover_links_bg":"","ocean_menu_social_links_color":"","ocean_menu_social_hover_links_color":"","ocean_disable_title":"default","ocean_disable_heading":"default","ocean_post_title":"","ocean_post_subheading":"","ocean_post_title_style":"","ocean_post_title_background_color":"","ocean_post_title_background":0,"ocean_post_title_bg_image_position":"","ocean_post_title_bg_image_attachment":"","ocean_post_title_bg_image_repeat":"","ocean_post_title_bg_image_size":"","ocean_post_title_height":0,"ocean_post_title_bg_overlay":0.5,"ocean_post_title_bg_overlay_color":"","ocean_disable_breadcrumbs":"default","ocean_breadcrumbs_color":"","ocean_breadcrumbs_separator_color":"","ocean_breadcrumbs_links_color":"","ocean_breadcrumbs_links_hover_color":"","ocean_display_footer_widgets":"default","ocean_display_footer_bottom":"default","ocean_custom_footer_template":"0","ocean_post_oembed":"","ocean_post_self_hosted_media":"","ocean_post_video_embed":"","ocean_link_format":"","ocean_link_format_target":"self","ocean_quote_format":"","ocean_quote_format_link":"post","ocean_gallery_link_images":"off","ocean_gallery_id":[],"footnotes":""},"categories":[4],"tags":[11,179,173,78,79,177,175,176,172,174,178],"class_list":["post-863","post","type-post","status-publish","format-standard","has-post-thumbnail","hentry","category-basel","tag-basel","tag-besser","tag-elektro","tag-gewerbe","tag-gewerbeverband","tag-kmu","tag-mobilitaet","tag-unternehmer","tag-verkehr","tag-wasserstoff","tag-zaemme","entry","has-media"],"_links":{"self":[{"href":"http:\/\/blog.philip-karger.ch\/index.php?rest_route=\/wp\/v2\/posts\/863","targetHints":{"allow":["GET"]}}],"collection":[{"href":"http:\/\/blog.philip-karger.ch\/index.php?rest_route=\/wp\/v2\/posts"}],"about":[{"href":"http:\/\/blog.philip-karger.ch\/index.php?rest_route=\/wp\/v2\/types\/post"}],"author":[{"embeddable":true,"href":"http:\/\/blog.philip-karger.ch\/index.php?rest_route=\/wp\/v2\/users\/2"}],"replies":[{"embeddable":true,"href":"http:\/\/blog.philip-karger.ch\/index.php?rest_route=%2Fwp%2Fv2%2Fcomments&post=863"}],"version-history":[{"count":7,"href":"http:\/\/blog.philip-karger.ch\/index.php?rest_route=\/wp\/v2\/posts\/863\/revisions"}],"predecessor-version":[{"id":871,"href":"http:\/\/blog.philip-karger.ch\/index.php?rest_route=\/wp\/v2\/posts\/863\/revisions\/871"}],"wp:featuredmedia":[{"embeddable":true,"href":"http:\/\/blog.philip-karger.ch\/index.php?rest_route=\/wp\/v2\/media\/859"}],"wp:attachment":[{"href":"http:\/\/blog.philip-karger.ch\/index.php?rest_route=%2Fwp%2Fv2%2Fmedia&parent=863"}],"wp:term":[{"taxonomy":"category","embeddable":true,"href":"http:\/\/blog.philip-karger.ch\/index.php?rest_route=%2Fwp%2Fv2%2Fcategories&post=863"},{"taxonomy":"post_tag","embeddable":true,"href":"http:\/\/blog.philip-karger.ch\/index.php?rest_route=%2Fwp%2Fv2%2Ftags&post=863"}],"curies":[{"name":"wp","href":"https:\/\/api.w.org\/{rel}","templated":true}]}}