{"id":633,"date":"2018-12-20T17:46:46","date_gmt":"2018-12-20T17:46:46","guid":{"rendered":"http:\/\/blog.philip-karger.ch\/?p=633"},"modified":"2018-12-20T17:46:46","modified_gmt":"2018-12-20T17:46:46","slug":"weihnachtssingen-eine-schoene-abwechslung-fuer-kinder-und-eltern","status":"publish","type":"post","link":"http:\/\/blog.philip-karger.ch\/?p=633","title":{"rendered":"Weihnachtssingen, eine sch\u00f6ne Abwechslung f\u00fcr Kinder und Eltern"},"content":{"rendered":"<p>\u00abDas war so sch\u00f6n, findest Du auch?\u00bb Gerade ist das Weihnachtssingen der Geller-Primarschule in der Gellertkirche vorbei. Die Kinder haben 12 verschiedene Lieder in 6 verschiedenen Sprachen vorgetragen, dirigiert von der Musiklehrerin Elisa Sarmentero. Neben einem professionellen Pianisten und einer Musiklehrerin haben einige Kinder zur musikalischen Begleitung beigetragen. Der Pfarrer der Kirche Dominik Reifler hat in einer kurzen Ansprache Eltern und Kindern auf das bevorstehende Weihnachtsfest angesprochen und die Kinder zu Toleranz und damit Frieden aufgerufen.<\/p>\n<p>Die Dirigentin hat die 256 Kinder aus den 4.-6. Klassen der Primarschule sehr gut vorbereitet und alle haben direkt auf ihre klaren und eindeutigen Zeichen reagiert. So haben sich jeweils die Kinder, die nicht am Singen waren, auf den Boden gesetzt und auch die einstudierten Choreografien haben super geklappt.<\/p>\n<figure id=\"attachment_631\" aria-describedby=\"caption-attachment-631\" style=\"width: 300px\" class=\"wp-caption alignnone\"><a href=\"wp-content\/uploads\/2018\/12\/Der-Chor-in-Aktion.jpg\" target=\"_blank\" rel=\"noopener\"><img loading=\"lazy\" decoding=\"async\" class=\"wp-image-631 size-medium\" src=\"http:\/\/blog.philip-karger.ch\/wp-content\/uploads\/2018\/12\/Der-Chor-in-Aktion-300x225.jpg\" alt=\"\" width=\"300\" height=\"225\" srcset=\"http:\/\/blog.philip-karger.ch\/wp-content\/uploads\/2018\/12\/Der-Chor-in-Aktion-300x225.jpg 300w, http:\/\/blog.philip-karger.ch\/wp-content\/uploads\/2018\/12\/Der-Chor-in-Aktion-768x576.jpg 768w, http:\/\/blog.philip-karger.ch\/wp-content\/uploads\/2018\/12\/Der-Chor-in-Aktion-1024x768.jpg 1024w\" sizes=\"auto, (max-width: 300px) 100vw, 300px\" \/><\/a><figcaption id=\"caption-attachment-631\" class=\"wp-caption-text\">Der Chor in AKtion &#8211; unscharf wegen dem Pers\u00f6nlichkeitsschutz der Kinder (c) P.Karger<\/figcaption><\/figure>\n<p>&nbsp;<\/p>\n<p>Im folgenden Interview erkl\u00e4rt Elisa Sarmentero einiges zu ihrer Arbeit:<\/p>\n<p>PK-Blog [PK]: Ist das Weihnachtssingen der Primarschule Gellert eine j\u00e4hrliche Veranstaltung?<br \/>\nElisa Sarmentero [ES]: ja es ist eine j\u00e4hrliche Veranstaltung, mit langer Tradition wobei ich zum erten Mal die Leitung \u00fcbernommen habe.<\/p>\n<p>PK: Singen die Kinder freiwillig im Weihnachtssingen oder geh\u00f6rt das zum Unterricht?<br \/>\nES: Das Weihnachtssingen ist fester Bestandteil des Jahresprogramms der Schule. Alle Kinder singen hier mit.<\/p>\n<p>PK: Es haben Kinder der 4 \u2013 6 Klassen der Pirmarschule Gellert gesungen, das heisst sie sind zwischen 9 und 12 Jahren alt, in dem Alter ist die Spanne der Entwicklung ja recht gross, Wie hat das in der Praxis funktioniert?<br \/>\nES: es hat eigentlich sehr gut funktioniert. Ich denke die Freude an einem gemeinsamen grossen Auftritt hat sehr geholfen.<\/p>\n<p>PK: Wie oft und seit wann haben Sie mit den Kindern f\u00fcr dieses Singen ge\u00fcbt<br \/>\nES: ich habe bereits im September die Lieder zusammengestellt und ein Organisationkomitee zusammengerufen. Mit den Kindern habe ich nach den Herbstferien mit dem Einstudieren der Lieder begonnen. Die Klassenlehrpersonen haben mich sehr beim Ein\u00fcben der Texte und auch der Lieder unterst\u00fctzt.<\/p>\n<p>PK: Wie kam die Liderliste zusammen<br \/>\nES: die Auswahl kommt von mir, wobei ich auf Vielfalt geachtet habe und auch das mehrere Sprachen zum Zuge kommen. Auch Vorschl\u00e4ge der Lehrpersonen habe ich gerne ber\u00fccksichtigt.<\/p>\n<p>PK: Wie ist die Unterst\u00fctzung der Eltern bei Projekten wie dem Weihnachtssingen<br \/>\nES: Der Elternrat ist generell interessiert an einer Teilnahme. \u00a0Einmal haben sie z.B. die Sch\u00fclerInnen mit einem Lied \u00fcberrascht, ein anderes Mal hatten sie nach dem Konzert f\u00fcr die Kinder etwas zu Essen vorbereitet.<\/p>\n<p>PK: Inzwischen gibt es ja unz\u00e4hlige Singwettbewerbe bei diversen Fernsehstationen, die sicher oft von Musikinteressierten Kindern geschaut werden. Merken Sie beim Unterricht und der Vorbereitung auf das \u00f6ffentliche Singen davon etwas?<br \/>\nES: ich denke schon, dass viele Kinder solche Sendungen mitverfolgen. Ich kann hier gut Br\u00fccken schlagen indem ich ihnen ein Video zeige, bei dem ein Chor w\u00e4hrend einer Talentshow eine tolle Version von &#8222;This little light&#8220; zum Besten gegeben hat. Das kann dann unheimlich motivieren. Wenn so das Interesse der Kinder geweckt wird, weil es mit ihrer Erlebniswelt zu tun hat ist das ja nur positiv f\u00fcr uns Musiklehrerinnen<\/p>\n<p>PK: S\u00e4ngerinnen und S\u00e4nger sind die grossen Stars der Welt und damit sicher auch Traumberuf vieler Jungen Leute. Was hat das f\u00fcr Auswirkungen auf den Musikunterricht<br \/>\nES: bei den einen oder anderen Kindern merkt man schon, dass sie Stars ihrem Alter entsprechend bewundern und je nachdem auch nacheifern. Auff\u00e4llig ist die Kurzlebigkeit: Ein Star oder ein Lied ist drei Monate der Hit, danach spricht niemand mehr davon. Auf der anderen Seite sehe ich auch eine grosse emotionale Verbundenheit mit Weihnachtsliedern die sie seit der ersten Klasse jedes Jahr im Schulhaus singen.<\/p>\n<p>PK: Modern sind Techno und Rapp. Wie gehen die Kinder mit eher traditioneller Weihnachtmusik um?<br \/>\nES: erstaunlicherweise scheint beim Weihnachtssingen die moderne Musik nicht so im Vordergrund zu stehen. Ich habe jedenfalls keine W\u00fcnsche in diese Richtung von den Kindern geh\u00f6rt. Ich versuche aber doch, mit dem einen oder anderen peppigen Weihnachtslied wie z.B.\u00a0 &#8222;Feliz navidad&#8220; dem Alter der Sch\u00fclerInnen zu entsprechen. Auch durch das Mitwirken von einem Instrumentarium oder durch kleine Sologruppen kann ich hier die Motivation und das Engagement der Kinder wecken.<\/p>\n","protected":false},"excerpt":{"rendered":"<p>\u00abDas war so sch\u00f6n, findest Du auch?\u00bb Gerade ist das Weihnachtssingen der Geller-Primarschule in der Gellertkirche vorbei. Die Kinder haben 12 verschiedene Lieder in 6 verschiedenen Sprachen vorgetragen, dirigiert von der Musiklehrerin Elisa Sarmentero. Neben einem professionellen Pianisten und einer Musiklehrerin haben einige Kinder zur musikalischen Begleitung beigetragen. Der Pfarrer der Kirche Dominik Reifler hat [&hellip;]<\/p>\n","protected":false},"author":2,"featured_media":632,"comment_status":"open","ping_status":"open","sticky":false,"template":"","format":"standard","meta":{"ocean_post_layout":"","ocean_both_sidebars_style":"","ocean_both_sidebars_content_width":0,"ocean_both_sidebars_sidebars_width":0,"ocean_sidebar":"0","ocean_second_sidebar":"0","ocean_disable_margins":"enable","ocean_add_body_class":"","ocean_shortcode_before_top_bar":"","ocean_shortcode_after_top_bar":"","ocean_shortcode_before_header":"","ocean_shortcode_after_header":"","ocean_has_shortcode":"","ocean_shortcode_after_title":"","ocean_shortcode_before_footer_widgets":"","ocean_shortcode_after_footer_widgets":"","ocean_shortcode_before_footer_bottom":"","ocean_shortcode_after_footer_bottom":"","ocean_display_top_bar":"default","ocean_display_header":"default","ocean_header_style":"","ocean_center_header_left_menu":"0","ocean_custom_header_template":"0","ocean_custom_logo":0,"ocean_custom_retina_logo":0,"ocean_custom_logo_max_width":0,"ocean_custom_logo_tablet_max_width":0,"ocean_custom_logo_mobile_max_width":0,"ocean_custom_logo_max_height":0,"ocean_custom_logo_tablet_max_height":0,"ocean_custom_logo_mobile_max_height":0,"ocean_header_custom_menu":"0","ocean_menu_typo_font_family":"0","ocean_menu_typo_font_subset":"","ocean_menu_typo_font_size":0,"ocean_menu_typo_font_size_tablet":0,"ocean_menu_typo_font_size_mobile":0,"ocean_menu_typo_font_size_unit":"px","ocean_menu_typo_font_weight":"","ocean_menu_typo_font_weight_tablet":"","ocean_menu_typo_font_weight_mobile":"","ocean_menu_typo_transform":"","ocean_menu_typo_transform_tablet":"","ocean_menu_typo_transform_mobile":"","ocean_menu_typo_line_height":0,"ocean_menu_typo_line_height_tablet":0,"ocean_menu_typo_line_height_mobile":0,"ocean_menu_typo_line_height_unit":"","ocean_menu_typo_spacing":0,"ocean_menu_typo_spacing_tablet":0,"ocean_menu_typo_spacing_mobile":0,"ocean_menu_typo_spacing_unit":"","ocean_menu_link_color":"","ocean_menu_link_color_hover":"","ocean_menu_link_color_active":"","ocean_menu_link_background":"","ocean_menu_link_hover_background":"","ocean_menu_link_active_background":"","ocean_menu_social_links_bg":"","ocean_menu_social_hover_links_bg":"","ocean_menu_social_links_color":"","ocean_menu_social_hover_links_color":"","ocean_disable_title":"default","ocean_disable_heading":"default","ocean_post_title":"","ocean_post_subheading":"","ocean_post_title_style":"","ocean_post_title_background_color":"","ocean_post_title_background":0,"ocean_post_title_bg_image_position":"","ocean_post_title_bg_image_attachment":"","ocean_post_title_bg_image_repeat":"","ocean_post_title_bg_image_size":"","ocean_post_title_height":0,"ocean_post_title_bg_overlay":0.5,"ocean_post_title_bg_overlay_color":"","ocean_disable_breadcrumbs":"default","ocean_breadcrumbs_color":"","ocean_breadcrumbs_separator_color":"","ocean_breadcrumbs_links_color":"","ocean_breadcrumbs_links_hover_color":"","ocean_display_footer_widgets":"default","ocean_display_footer_bottom":"default","ocean_custom_footer_template":"0","ocean_post_oembed":"","ocean_post_self_hosted_media":"","ocean_post_video_embed":"","ocean_link_format":"","ocean_link_format_target":"self","ocean_quote_format":"","ocean_quote_format_link":"post","ocean_gallery_link_images":"off","ocean_gallery_id":[],"footnotes":""},"categories":[4],"tags":[11,106,105,103,102,104],"class_list":["post-633","post","type-post","status-publish","format-standard","has-post-thumbnail","hentry","category-basel","tag-basel","tag-gellert","tag-primarschule","tag-singen","tag-weihnachten","tag-weihnachtssingen","entry","has-media"],"_links":{"self":[{"href":"http:\/\/blog.philip-karger.ch\/index.php?rest_route=\/wp\/v2\/posts\/633","targetHints":{"allow":["GET"]}}],"collection":[{"href":"http:\/\/blog.philip-karger.ch\/index.php?rest_route=\/wp\/v2\/posts"}],"about":[{"href":"http:\/\/blog.philip-karger.ch\/index.php?rest_route=\/wp\/v2\/types\/post"}],"author":[{"embeddable":true,"href":"http:\/\/blog.philip-karger.ch\/index.php?rest_route=\/wp\/v2\/users\/2"}],"replies":[{"embeddable":true,"href":"http:\/\/blog.philip-karger.ch\/index.php?rest_route=%2Fwp%2Fv2%2Fcomments&post=633"}],"version-history":[{"count":1,"href":"http:\/\/blog.philip-karger.ch\/index.php?rest_route=\/wp\/v2\/posts\/633\/revisions"}],"predecessor-version":[{"id":634,"href":"http:\/\/blog.philip-karger.ch\/index.php?rest_route=\/wp\/v2\/posts\/633\/revisions\/634"}],"wp:featuredmedia":[{"embeddable":true,"href":"http:\/\/blog.philip-karger.ch\/index.php?rest_route=\/wp\/v2\/media\/632"}],"wp:attachment":[{"href":"http:\/\/blog.philip-karger.ch\/index.php?rest_route=%2Fwp%2Fv2%2Fmedia&parent=633"}],"wp:term":[{"taxonomy":"category","embeddable":true,"href":"http:\/\/blog.philip-karger.ch\/index.php?rest_route=%2Fwp%2Fv2%2Fcategories&post=633"},{"taxonomy":"post_tag","embeddable":true,"href":"http:\/\/blog.philip-karger.ch\/index.php?rest_route=%2Fwp%2Fv2%2Ftags&post=633"}],"curies":[{"name":"wp","href":"https:\/\/api.w.org\/{rel}","templated":true}]}}